{"id":1203,"date":"2015-06-23T12:58:37","date_gmt":"2015-06-23T12:58:37","guid":{"rendered":"https:\/\/www.masdeu.cat\/ester-masdeu-premiada-millor-pla-comercial-campus-allianz-2\/"},"modified":"2019-03-20T20:48:18","modified_gmt":"2019-03-20T20:48:18","slug":"ester-masdeu-premiada-mejor-plan-comercial-campus-allianz","status":"publish","type":"post","link":"https:\/\/www.masdeu.cat\/es\/ester-masdeu-premiada-mejor-plan-comercial-campus-allianz\/","title":{"rendered":"Ester Masdeu es premiada por el mejor Plan Comercial del Campus Allianz"},"content":{"rendered":"<p style=\"text-align: justify;\">Ester Masdeu est\u00e1 realizando el Programa Superior en Direcci\u00f3n de Empresas de Mediaci\u00f3n a trav\u00e9s del Campus Allianz, en el contenido del primer m\u00f3dulo est\u00e1 incluido confeccionar un Plan Comercial, Ester Masdeu es premiada por el Premio al Mejor Plan Comercial II promoci\u00f3n grupo Agentes Barcelona.<br \/>\n<!--:--><\/p>\n<p style=\"text-align: justify;\"><!--more--><\/p>\n<p style=\"text-align: justify;\">El Campus Allianz es una Escuela de Negocio que nace con el objetivo de promover y garantizar la excelencia en los profesionales del sector asegurador a trav\u00e9s de programas avanzados y con alto grado de aplicabilidad.<\/p>\n","protected":false},"excerpt":{"rendered":"<p>Ester Masdeu est\u00e1 realizando el Programa Superior en Direcci\u00f3n de Empresas de Mediaci\u00f3n a trav\u00e9s del Campus Allianz, en el contenido del primer m\u00f3dulo est\u00e1 incluido confeccionar un Plan Comercial, Ester Masdeu es premiada por el Premio al Mejor Plan Comercial II promoci\u00f3n grupo Agentes Barcelona.<\/p>\n","protected":false},"author":4,"featured_media":1047,"comment_status":"open","ping_status":"open","sticky":false,"template":"","format":"standard","meta":{"_et_pb_use_builder":"","_et_pb_old_content":"","_et_gb_content_width":"","rank_math_lock_modified_date":false,"footnotes":""},"categories":[24],"tags":[],"dipi_cpt_category":[],"class_list":["post-1203","post","type-post","status-publish","format-standard","has-post-thumbnail","hentry","category-noticies-es"],"_links":{"self":[{"href":"https:\/\/www.masdeu.cat\/es\/wp-json\/wp\/v2\/posts\/1203"}],"collection":[{"href":"https:\/\/www.masdeu.cat\/es\/wp-json\/wp\/v2\/posts"}],"about":[{"href":"https:\/\/www.masdeu.cat\/es\/wp-json\/wp\/v2\/types\/post"}],"author":[{"embeddable":true,"href":"https:\/\/www.masdeu.cat\/es\/wp-json\/wp\/v2\/users\/4"}],"replies":[{"embeddable":true,"href":"https:\/\/www.masdeu.cat\/es\/wp-json\/wp\/v2\/comments?post=1203"}],"version-history":[{"count":1,"href":"https:\/\/www.masdeu.cat\/es\/wp-json\/wp\/v2\/posts\/1203\/revisions"}],"predecessor-version":[{"id":1204,"href":"https:\/\/www.masdeu.cat\/es\/wp-json\/wp\/v2\/posts\/1203\/revisions\/1204"}],"wp:featuredmedia":[{"embeddable":true,"href":"https:\/\/www.masdeu.cat\/es\/wp-json\/wp\/v2\/media\/1047"}],"wp:attachment":[{"href":"https:\/\/www.masdeu.cat\/es\/wp-json\/wp\/v2\/media?parent=1203"}],"wp:term":[{"taxonomy":"category","embeddable":true,"href":"https:\/\/www.masdeu.cat\/es\/wp-json\/wp\/v2\/categories?post=1203"},{"taxonomy":"post_tag","embeddable":true,"href":"https:\/\/www.masdeu.cat\/es\/wp-json\/wp\/v2\/tags?post=1203"},{"taxonomy":"dipi_cpt_category","embeddable":true,"href":"https:\/\/www.masdeu.cat\/es\/wp-json\/wp\/v2\/dipi_cpt_category?post=1203"}],"curies":[{"name":"wp","href":"https:\/\/api.w.org\/{rel}","templated":true}]}}