{"id":1269,"date":"2017-02-09T09:11:45","date_gmt":"2017-02-09T09:11:45","guid":{"rendered":"https:\/\/www.masdeu.cat\/es\/ester-masdeu-es-convidada-a-la-reunio-anual-dagents-excel%c2%b7lents-de-la-companyia-allianz\/"},"modified":"2019-03-20T20:16:00","modified_gmt":"2019-03-20T20:16:00","slug":"ester-masdeu-invitada-reunion-anual-agentes-excelentes","status":"publish","type":"post","link":"https:\/\/www.masdeu.cat\/es\/ester-masdeu-invitada-reunion-anual-agentes-excelentes\/","title":{"rendered":"Ester Masdeu ha sido invitada a la reuni\u00f3n anual de Agentes Excelentes de la compa\u00f1\u00eda Allianz"},"content":{"rendered":"<p style=\"text-align: justify;\">La reuni\u00f3n tuvo lugar en el edificio principal de la compa\u00f1\u00eda aseguradora en Barcelona. La compa\u00f1\u00eda de seguros Allianz destaca su orientaci\u00f3n al cliente y apuesta por el Full\u00a0Digital. Allianz cumple con creces las normativas de Solvencia 2 con la calificaci\u00f3n AA +.<br \/>\n<!--more--><\/p>\n<p style=\"text-align: justify;\">Masdeu &#8211; Seguros agradece su participaci\u00f3n en la reuni\u00f3n, ya que para la empresa Masdeu es un prestigio asistir en este acto donde la compa\u00f1\u00eda de seguros Allianz presenta las l\u00edneas estrat\u00e9gicas de negocio para el a\u00f1o 2017. A esta convenci\u00f3n asisten los principales agentes del territorio nacional de la compa\u00f1\u00eda Allianz.<\/p>\n<p style=\"text-align: justify;\">Vilafranca del Pened\u00e8s, 02 de febrero de 2017<\/p>\n<p><img decoding=\"async\" class=\"wp-image-1262 alignleft\" src=\"https:\/\/www.masdeu.cat\/wp-content\/uploads\/foto-allianz-2017.jpg\" alt=\"foto allianz 2017\" width=\"600\" height=\"450\" title=\"\" srcset=\"https:\/\/www.masdeu.cat\/wp-content\/uploads\/foto-allianz-2017.jpg 2400w, https:\/\/www.masdeu.cat\/wp-content\/uploads\/foto-allianz-2017-300x225.jpg 300w, https:\/\/www.masdeu.cat\/wp-content\/uploads\/foto-allianz-2017-1024x768.jpg 1024w, https:\/\/www.masdeu.cat\/wp-content\/uploads\/foto-allianz-2017-930x698.jpg 930w, https:\/\/www.masdeu.cat\/wp-content\/uploads\/foto-allianz-2017-2000x1500.jpg 2000w\" sizes=\"(max-width: 600px) 100vw, 600px\" \/><\/p>\n","protected":false},"excerpt":{"rendered":"<p>La reuni\u00f3n tuvo lugar en el edificio principal de la compa\u00f1\u00eda aseguradora en Barcelona. La compa\u00f1\u00eda de seguros Allianz destaca su orientaci\u00f3n al cliente y apuesta por el Full\u00a0Digital. Allianz cumple con creces las normativas de Solvencia 2 con la calificaci\u00f3n AA +.<\/p>\n","protected":false},"author":4,"featured_media":1261,"comment_status":"open","ping_status":"open","sticky":false,"template":"","format":"standard","meta":{"_et_pb_use_builder":"","_et_pb_old_content":"","_et_gb_content_width":"","rank_math_lock_modified_date":false,"footnotes":""},"categories":[24],"tags":[],"dipi_cpt_category":[],"class_list":["post-1269","post","type-post","status-publish","format-standard","has-post-thumbnail","hentry","category-noticies-es"],"_links":{"self":[{"href":"https:\/\/www.masdeu.cat\/es\/wp-json\/wp\/v2\/posts\/1269"}],"collection":[{"href":"https:\/\/www.masdeu.cat\/es\/wp-json\/wp\/v2\/posts"}],"about":[{"href":"https:\/\/www.masdeu.cat\/es\/wp-json\/wp\/v2\/types\/post"}],"author":[{"embeddable":true,"href":"https:\/\/www.masdeu.cat\/es\/wp-json\/wp\/v2\/users\/4"}],"replies":[{"embeddable":true,"href":"https:\/\/www.masdeu.cat\/es\/wp-json\/wp\/v2\/comments?post=1269"}],"version-history":[{"count":5,"href":"https:\/\/www.masdeu.cat\/es\/wp-json\/wp\/v2\/posts\/1269\/revisions"}],"predecessor-version":[{"id":3019,"href":"https:\/\/www.masdeu.cat\/es\/wp-json\/wp\/v2\/posts\/1269\/revisions\/3019"}],"wp:featuredmedia":[{"embeddable":true,"href":"https:\/\/www.masdeu.cat\/es\/wp-json\/wp\/v2\/media\/1261"}],"wp:attachment":[{"href":"https:\/\/www.masdeu.cat\/es\/wp-json\/wp\/v2\/media?parent=1269"}],"wp:term":[{"taxonomy":"category","embeddable":true,"href":"https:\/\/www.masdeu.cat\/es\/wp-json\/wp\/v2\/categories?post=1269"},{"taxonomy":"post_tag","embeddable":true,"href":"https:\/\/www.masdeu.cat\/es\/wp-json\/wp\/v2\/tags?post=1269"},{"taxonomy":"dipi_cpt_category","embeddable":true,"href":"https:\/\/www.masdeu.cat\/es\/wp-json\/wp\/v2\/dipi_cpt_category?post=1269"}],"curies":[{"name":"wp","href":"https:\/\/api.w.org\/{rel}","templated":true}]}}