{"id":1324,"date":"2017-09-25T11:54:36","date_gmt":"2017-09-25T11:54:36","guid":{"rendered":"https:\/\/www.masdeu.cat\/es\/?p=1324"},"modified":"2019-03-20T08:59:35","modified_gmt":"2019-03-20T08:59:35","slug":"la-transformacion-digital-una-realidad-masdeu-seguros","status":"publish","type":"post","link":"https:\/\/www.masdeu.cat\/es\/la-transformacion-digital-una-realidad-masdeu-seguros\/","title":{"rendered":"La transformaci\u00f3n digital, una realidad en Masdeu Assegurances-Seguros"},"content":{"rendered":"<p>La transformaci\u00f3n digital es el reto de las empresas con el fin de dar un servicio m\u00e1s personalizado y transparente al cliente.<\/p>\n<p>As\u00ed lo creemos desde Masdeu Assegurances-Seguros y lo hemos explicado en la ponencia sobre <em><strong>Competencia Digital<\/strong><\/em> enmarcada en la Jornada de la Direcci\u00f3n Comercial de Catalu\u00f1a e\u00a0Islas de Allianz celebrada en Lloret de Mar el 20 de septiembre.<\/p>\n<p><!--more--><\/p>\n<h2>Una web \u00e1gil, el portal de Allianz- Masdeu Assegurances-Seguros abierto\u00a024h<\/h2>\n<p>Las herramientas digital actuales en Allianz cumplen con la funci\u00f3n de facilitar los tr\u00e1mites al cliente ofreciendo informaci\u00f3n actualizada de las p\u00f3lizas as\u00ed como agilizar la comunicaci\u00f3n en casos de siniestros. Para ello dispone de una plataforma web que integra toda la informaci\u00f3n adem\u00e1s de abrir canales de comunicaci\u00f3n digitales al margen del email.<\/p>\n<p>El \u00e1rea de cliente de la web <a href=\"https:\/\/www.allianz.es\/centro-respuesta-rapida\" target=\"_blank\" rel=\"noopener noreferrer\">Allianz.es<\/a> prev\u00e9 una respuesta r\u00e1pida a pocos clics de la soluci\u00f3n. Ofrece un filtrado r\u00e1pido e intuitivo de las respuestas que resuelven todo tipo de situaciones de los usuarios, desde informaci\u00f3n hasta la solicitud de ayuda urgente, pasando por la comunicaci\u00f3n de siniestros.<\/p>\n<p>La web es operativa tanto en ordenadores de sobremesa y en dispositivos m\u00f3viles para poder garantizar el acceso al \u00e1rea privada sea cual sea la situaci\u00f3n en que se necesita.<\/p>\n<p><a href=\"https:\/\/www.masdeu.cat\/wp-content\/uploads\/masdeu-allianz-comunicacio4.jpeg\"><img decoding=\"async\" class=\"aligncenter size-large wp-image-1313\" src=\"https:\/\/www.masdeu.cat\/wp-content\/uploads\/\/masdeu-allianz-comunicacio4-1024x768.jpeg\" alt=\"Pon\u00e8ncia d&#039;Ester Masdeu sobre compet\u00e8ncia digital a la Jornada Allianz\" width=\"940\" height=\"705\" title=\"\" srcset=\"https:\/\/www.masdeu.cat\/wp-content\/uploads\/masdeu-allianz-comunicacio4-1024x768.jpeg 1024w, https:\/\/www.masdeu.cat\/wp-content\/uploads\/masdeu-allianz-comunicacio4-300x225.jpeg 300w, https:\/\/www.masdeu.cat\/wp-content\/uploads\/masdeu-allianz-comunicacio4-930x698.jpeg 930w, https:\/\/www.masdeu.cat\/wp-content\/uploads\/masdeu-allianz-comunicacio4-2000x1500.jpeg 2000w, https:\/\/www.masdeu.cat\/wp-content\/uploads\/masdeu-allianz-comunicacio4.jpeg 2048w\" sizes=\"(max-width: 940px) 100vw, 940px\" \/><\/a><\/p>\n<h2>Masdeu.cat, el portal exclusivo\u00a0de Allianz en Vilafranca del Pened\u00e8s<\/h2>\n<p>Con la voluntad de personalizar y adaptar al m\u00e1ximo nuestros servicios a la realidad inmediata que nos rodea, hemos activado el portal <a href=\"https:\/\/www.masdeu.cat\" target=\"_blank\" rel=\"noopener noreferrer\">www.masdeu.cat<\/a>\u00a0donde explicamos las opciones de seguros m\u00e1s relevantes para la actividad econ\u00f3mica de las empresas del Pened\u00e8s as\u00ed como de los particulares.<\/p>\n<p>Adem\u00e1s, hemos activado las redes sociales, <a href=\"https:\/\/www.facebook.com\/masdeuassegurances\/\" target=\"_blank\" rel=\"noopener noreferrer\">Facebook<\/a> y <a href=\"https:\/\/www.linkedin.com\/in\/estermasdeu\/\" target=\"_blank\" rel=\"noopener noreferrer\">Linkedin<\/a>, para hacer llegar las novedades del entorno Allianz con informaci\u00f3n sobre las particularidades de nuestras p\u00f3lizas que ofrecen servicios a menudo poco conocidos. Tambi\u00e9n, las redes sociales forman parte de nuestra voluntad de ofrecer varias opciones de canales de comunicaci\u00f3n abiertos con nuestros usuarios.<\/p>\n<h2>Agilidad, transparencia y voluntad de servicio. Los valores de nuestra agencia<\/h2>\n<p>El entorno digital nos permite maximizar los valores diferenciales debido a que podemos ofrecer servicio m\u00e1s all\u00e1 de los horarios de apertura de nuestra oficina en Vilafranca del Pened\u00e8s. De todos modos, agradecemos la proximidad y el trato presencial, por lo que\u00a0las herramientas digitales son complementarias a nuestro d\u00eda a d\u00eda en la oficina.<\/p>\n<p><a href=\"https:\/\/www.masdeu.cat\/wp-content\/uploads\/masdeu-allianz-comunicacio1.jpeg\"><img decoding=\"async\" class=\"aligncenter size-large wp-image-1307\" src=\"https:\/\/www.masdeu.cat\/wp-content\/uploads\/\/masdeu-allianz-comunicacio1-1024x576.jpeg\" alt=\"Pon\u00e8ncia d&#039;Ester Masdeu sobre compet\u00e8ncia digital a la Jornada Allianz\" width=\"940\" height=\"529\" title=\"\" srcset=\"https:\/\/www.masdeu.cat\/wp-content\/uploads\/masdeu-allianz-comunicacio1-1024x576.jpeg 1024w, https:\/\/www.masdeu.cat\/wp-content\/uploads\/masdeu-allianz-comunicacio1-300x169.jpeg 300w, https:\/\/www.masdeu.cat\/wp-content\/uploads\/masdeu-allianz-comunicacio1-930x523.jpeg 930w, https:\/\/www.masdeu.cat\/wp-content\/uploads\/masdeu-allianz-comunicacio1.jpeg 1328w\" sizes=\"(max-width: 940px) 100vw, 940px\" \/><\/a><\/p>\n<p>&nbsp;<\/p>\n<p>&nbsp;<\/p>\n<p>&nbsp;<\/p>\n","protected":false},"excerpt":{"rendered":"<p>La transformaci\u00f3n digital es el reto de las empresas con el fin de dar un servicio m\u00e1s personalizado y transparente al cliente. As\u00ed lo creemos desde Masdeu Assegurances-Seguros y lo hemos explicado en la ponencia sobre Competencia Digital enmarcada en la Jornada de la Direcci\u00f3n Comercial de Catalu\u00f1a e\u00a0Islas de Allianz celebrada en Lloret de [&hellip;]<\/p>\n","protected":false},"author":4,"featured_media":1304,"comment_status":"open","ping_status":"open","sticky":false,"template":"","format":"standard","meta":{"_et_pb_use_builder":"","_et_pb_old_content":"","_et_gb_content_width":"","rank_math_lock_modified_date":false,"footnotes":""},"categories":[],"tags":[],"dipi_cpt_category":[],"class_list":["post-1324","post","type-post","status-publish","format-standard","has-post-thumbnail","hentry"],"_links":{"self":[{"href":"https:\/\/www.masdeu.cat\/es\/wp-json\/wp\/v2\/posts\/1324"}],"collection":[{"href":"https:\/\/www.masdeu.cat\/es\/wp-json\/wp\/v2\/posts"}],"about":[{"href":"https:\/\/www.masdeu.cat\/es\/wp-json\/wp\/v2\/types\/post"}],"author":[{"embeddable":true,"href":"https:\/\/www.masdeu.cat\/es\/wp-json\/wp\/v2\/users\/4"}],"replies":[{"embeddable":true,"href":"https:\/\/www.masdeu.cat\/es\/wp-json\/wp\/v2\/comments?post=1324"}],"version-history":[{"count":5,"href":"https:\/\/www.masdeu.cat\/es\/wp-json\/wp\/v2\/posts\/1324\/revisions"}],"predecessor-version":[{"id":3027,"href":"https:\/\/www.masdeu.cat\/es\/wp-json\/wp\/v2\/posts\/1324\/revisions\/3027"}],"wp:featuredmedia":[{"embeddable":true,"href":"https:\/\/www.masdeu.cat\/es\/wp-json\/wp\/v2\/media\/1304"}],"wp:attachment":[{"href":"https:\/\/www.masdeu.cat\/es\/wp-json\/wp\/v2\/media?parent=1324"}],"wp:term":[{"taxonomy":"category","embeddable":true,"href":"https:\/\/www.masdeu.cat\/es\/wp-json\/wp\/v2\/categories?post=1324"},{"taxonomy":"post_tag","embeddable":true,"href":"https:\/\/www.masdeu.cat\/es\/wp-json\/wp\/v2\/tags?post=1324"},{"taxonomy":"dipi_cpt_category","embeddable":true,"href":"https:\/\/www.masdeu.cat\/es\/wp-json\/wp\/v2\/dipi_cpt_category?post=1324"}],"curies":[{"name":"wp","href":"https:\/\/api.w.org\/{rel}","templated":true}]}}