{"id":1618,"date":"2018-03-20T11:15:15","date_gmt":"2018-03-20T11:15:15","guid":{"rendered":"https:\/\/www.masdeu.cat\/?p=1618"},"modified":"2018-03-20T15:41:21","modified_gmt":"2018-03-20T15:41:21","slug":"simplificar-la-contratacion-seguros-empresas","status":"publish","type":"post","link":"https:\/\/www.masdeu.cat\/es\/simplificar-la-contratacion-seguros-empresas\/","title":{"rendered":"C\u00f3mo simplificar la contrataci\u00f3n de seguros para empresas"},"content":{"rendered":"<p>Contratar el seguro de un negocio puede resultar un largo camino para decidir qu\u00e9 coberturas convienen, o incluso se puede dar la situaci\u00f3n de tener que contratar diferentes p\u00f3lizas. Todo esto se resuelve con Allianz Negocio Plus.<!--more--><\/p>\n<p>Problemas como un incendio o un robo pueden hacer peligrar la continuidad de un negocio. Para que esto no ocurra, la empresa estudiar\u00e1 su sector y sus riesgos, y contratar\u00e1 la p\u00f3liza que mejor se adapte a su actividad. Pero lo podemos simplificar de gran manera con el\u00a0<strong>seguro dirigido a los negocios, comercios y pymes <\/strong><\/p>\n<p>Allianz Negocio permite orientar desde el inicio la contrataci\u00f3n de las coberturas que son significativas para cada actividad. <strong>No es lo mismo un comercio frecuentado por mucha gente, que un taller con maquinaria de gran valor, que un despacho profesional con equipamientos inform\u00e1ticos<\/strong>. En cada caso nos convendr\u00e1 hacer hincapi\u00e9 en unos aspectos concretos para que ning\u00fan problema afecte a la actividad profesional.<\/p>\n<p>En todos los casos, est\u00e1n contempladas las coberturas de siniestros e incidencias m\u00e1s habituales, pero lo que destacamos es que siempre, en este seguro se contempla tanto el espacio donde se desarrolla la actividad como la propia actividad. <strong>El seguro te acompa\u00f1a all\u00ed donde haces tu actividad<\/strong>.<\/p>\n<p>Los aspectos m\u00e1s relevantes e innovadores los detallamos a continuaci\u00f3n:<\/p>\n<h2>Responsabilidad Civil, tambi\u00e9n incluida en el seguro Allianz Negocio<\/h2>\n<p>En este caso no ser\u00e1 necesario contratar una p\u00f3liza de m\u00e1s, sino que se incluye y se adapta a las posibles situaciones de la actividad, resultando una p\u00f3liza completamente personalizada.<\/p>\n<h2>Ampliaci\u00f3n a todo riesgo, al alcance de todos<\/h2>\n<p>Mediante esta cobertura queda garantizada la reparaci\u00f3n de los da\u00f1os materiales o su reposici\u00f3n en caso de un incidente que no se contemple en las coberturas contratadas en la p\u00f3liza y que no consten como una exclusi\u00f3n. Lo mejor de todo, el incremento de precio es poco significativo respecto del total \ud83d\ude09<\/p>\n","protected":false},"excerpt":{"rendered":"<p>Allianz Negocio Plus es el seguro con m\u00e1s coberturas personalizadas para comercios, empresas, pymes y despachos. \u00a1Y puedes incluir todo riesgo por muy poco!<\/p>\n","protected":false},"author":4,"featured_media":1616,"comment_status":"open","ping_status":"open","sticky":false,"template":"","format":"standard","meta":{"_et_pb_use_builder":"","_et_pb_old_content":"","_et_gb_content_width":"","rank_math_lock_modified_date":false,"footnotes":""},"categories":[],"tags":[],"dipi_cpt_category":[],"class_list":["post-1618","post","type-post","status-publish","format-standard","has-post-thumbnail","hentry"],"_links":{"self":[{"href":"https:\/\/www.masdeu.cat\/es\/wp-json\/wp\/v2\/posts\/1618"}],"collection":[{"href":"https:\/\/www.masdeu.cat\/es\/wp-json\/wp\/v2\/posts"}],"about":[{"href":"https:\/\/www.masdeu.cat\/es\/wp-json\/wp\/v2\/types\/post"}],"author":[{"embeddable":true,"href":"https:\/\/www.masdeu.cat\/es\/wp-json\/wp\/v2\/users\/4"}],"replies":[{"embeddable":true,"href":"https:\/\/www.masdeu.cat\/es\/wp-json\/wp\/v2\/comments?post=1618"}],"version-history":[{"count":5,"href":"https:\/\/www.masdeu.cat\/es\/wp-json\/wp\/v2\/posts\/1618\/revisions"}],"predecessor-version":[{"id":1625,"href":"https:\/\/www.masdeu.cat\/es\/wp-json\/wp\/v2\/posts\/1618\/revisions\/1625"}],"wp:featuredmedia":[{"embeddable":true,"href":"https:\/\/www.masdeu.cat\/es\/wp-json\/wp\/v2\/media\/1616"}],"wp:attachment":[{"href":"https:\/\/www.masdeu.cat\/es\/wp-json\/wp\/v2\/media?parent=1618"}],"wp:term":[{"taxonomy":"category","embeddable":true,"href":"https:\/\/www.masdeu.cat\/es\/wp-json\/wp\/v2\/categories?post=1618"},{"taxonomy":"post_tag","embeddable":true,"href":"https:\/\/www.masdeu.cat\/es\/wp-json\/wp\/v2\/tags?post=1618"},{"taxonomy":"dipi_cpt_category","embeddable":true,"href":"https:\/\/www.masdeu.cat\/es\/wp-json\/wp\/v2\/dipi_cpt_category?post=1618"}],"curies":[{"name":"wp","href":"https:\/\/api.w.org\/{rel}","templated":true}]}}