{"id":3272,"date":"2019-06-07T08:23:28","date_gmt":"2019-06-07T08:23:28","guid":{"rendered":"https:\/\/www.masdeu.cat\/junta-colllegi-mediadors-assegurances\/"},"modified":"2019-06-07T08:23:28","modified_gmt":"2019-06-07T08:23:28","slug":"junta-colllegi-mediadors-assegurances","status":"publish","type":"post","link":"https:\/\/www.masdeu.cat\/es\/junta-colllegi-mediadors-assegurances\/","title":{"rendered":"Formamos parte de la junta de gobierno del Col\u00b7legi de Mediadors d&#8217;Assegurances de Barcelona"},"content":{"rendered":"<h2>Nueva Junta de Gobierno y Comisi\u00f3n Permanente del Col\u00b7legi de Mediadors d&#8217;Assegurances de Barcelona<\/h2>\n<p>La Junta de Gobierno entrante elige a los cargos de la Comisi\u00f3n Permanente.                                                                                      <\/p>\n<p>La candidatura encabezada por Francesc Santasusana ha sido aprobada el 30 de mayo por la Junta de Gobierno Saliente y ser\u00e1 la responsable de dirigir el Col\u00b7legi de Mediadors d&#8217;Assegurances de Barcelona durante los pr\u00f3ximos cuatro a\u00f1os. De este modo, Santasusana toma el relevo de Llu\u00eds Ferrer al frente de la instituci\u00f3n colegial barcelonesa. La candidatura del nuevo presidente es la \u00fanica que se present\u00f3 al proceso electoral para relevar la Junta de Gobierno y, por lo tanto, en virtud de los estatutos colegiales, tras la aprobaci\u00f3n, qued\u00f3 autom\u00e1ticamente proclamada.<\/p>\n<p>La Junta de Gobierno entrante celebr\u00f3 el mismo 30 de mayo, su primera sesi\u00f3n ordinaria en la que se eligieron los cargos colegiales y vocales de la Comisi\u00f3n Permanente, as\u00ed como los representantes del Col\u00b7legi en la Asamblea del Consejo General y en el Consell de Col\u00b7legis de Mediadors d&#8217;Assegurances de Catalunya. Tambi\u00e9n se designaron los suplentes para estos dos \u00faltimos \u00f3rganos colegiales.<\/p>\n<p>Carlos Galcer\u00e1n y Carmina Homs ocupar\u00e1n la vicepresidencia primera y segunda, respectivamente. Anna de Quir\u00f3s asume la Secretar\u00eda, mientras que Marta Oller es la Tesorera y Joaquim Vear, el contador. El resto de la Comisi\u00f3n Permanente la componen los vocales: Ignasi Bonveh\u00ed, Salom\u00e9 Fondevila, Susanna Ganduxe, Albert Gum\u00e0, Vicente R\u00edos y Ricardo Sanmart\u00edn. La composici\u00f3n de la nueva Comisi\u00f3n Permanente, integrada por 7 hombres y 5 mujeres, roza la paridad.<\/p>\n<p>La Junta de Gobierno, adem\u00e1s de los miembros de la Comisi\u00f3n Permanente, est\u00e1 formada por: Jos\u00e9 Amate, Miguel Ant\u00f3n, Oriol Batlle, Josep Calvo, Francesc Cobo, Jordi Costa, Xavier Da Pena, Jordi Farr\u00e9, Carme Figueras, Montserrat Freixa, Josep Maria Galilea, Toni G\u00e1mez, Carles Grau, Vicente Irisarri, Isidre Mart\u00ednez, Esther Masdeu, Llu\u00eds Morat\u00f3, Rafel Nadal, Jordi Parrilla, Julio Picornell, Pere Prats, V\u00edctor Surribas, Gerard Toro, Xavier Vallv\u00e9,  Marta Vidal-Ribas y Llu\u00eds Ferrer.<\/p>\n","protected":false},"excerpt":{"rendered":"<p>La candidatura encabezada por Francisco Santasusana fue aprobada por la Junta de Gobierno saliente. Ester Masdeu forma parte de los miembros de la junta.<\/p>\n","protected":false},"author":11,"featured_media":3267,"comment_status":"open","ping_status":"open","sticky":false,"template":"","format":"standard","meta":{"_et_pb_use_builder":"","_et_pb_old_content":"","_et_gb_content_width":"","rank_math_lock_modified_date":false,"footnotes":""},"categories":[24],"tags":[],"dipi_cpt_category":[],"class_list":["post-3272","post","type-post","status-publish","format-standard","has-post-thumbnail","hentry","category-noticies-es"],"_links":{"self":[{"href":"https:\/\/www.masdeu.cat\/es\/wp-json\/wp\/v2\/posts\/3272"}],"collection":[{"href":"https:\/\/www.masdeu.cat\/es\/wp-json\/wp\/v2\/posts"}],"about":[{"href":"https:\/\/www.masdeu.cat\/es\/wp-json\/wp\/v2\/types\/post"}],"author":[{"embeddable":true,"href":"https:\/\/www.masdeu.cat\/es\/wp-json\/wp\/v2\/users\/11"}],"replies":[{"embeddable":true,"href":"https:\/\/www.masdeu.cat\/es\/wp-json\/wp\/v2\/comments?post=3272"}],"version-history":[{"count":0,"href":"https:\/\/www.masdeu.cat\/es\/wp-json\/wp\/v2\/posts\/3272\/revisions"}],"wp:featuredmedia":[{"embeddable":true,"href":"https:\/\/www.masdeu.cat\/es\/wp-json\/wp\/v2\/media\/3267"}],"wp:attachment":[{"href":"https:\/\/www.masdeu.cat\/es\/wp-json\/wp\/v2\/media?parent=3272"}],"wp:term":[{"taxonomy":"category","embeddable":true,"href":"https:\/\/www.masdeu.cat\/es\/wp-json\/wp\/v2\/categories?post=3272"},{"taxonomy":"post_tag","embeddable":true,"href":"https:\/\/www.masdeu.cat\/es\/wp-json\/wp\/v2\/tags?post=3272"},{"taxonomy":"dipi_cpt_category","embeddable":true,"href":"https:\/\/www.masdeu.cat\/es\/wp-json\/wp\/v2\/dipi_cpt_category?post=3272"}],"curies":[{"name":"wp","href":"https:\/\/api.w.org\/{rel}","templated":true}]}}